{"id":2825,"date":"2023-07-04T22:48:36","date_gmt":"2023-07-04T22:48:36","guid":{"rendered":"https:\/\/josephmontanaro.com\/?p=2825"},"modified":"2023-07-04T22:54:13","modified_gmt":"2023-07-04T22:54:13","slug":"mariage-reussi-pour-cette-montrealaise-dexception","status":"publish","type":"post","link":"https:\/\/josephmontanaro.com\/fr\/mariage-reussi-pour-cette-montrealaise-dexception\/","title":{"rendered":"Mariage r\u00e9ussi pour cette montr\u00e9alaise d\u2019exception"},"content":{"rendered":"<header class=\"article-header\" aria-label=\"Beginning of Article\">\n<div class=\"published-by\">\n<div>Article original: <a href=\"https:\/\/www.lapresse.ca\/maison\/immobilier\/2023-06-06\/le-tour-du-proprietaire\/mariage-reussi-pour-cette-montrealaise-d-exception.php\" target=\"_blank\" rel=\"noopener\">https:\/\/www.lapresse.ca\/maison\/immobilier\/2023-06-06\/le-tour-du-proprietaire\/mariage-reussi-pour-cette-montrealaise-d-exception.php<\/a><\/div>\n<\/div>\n<\/header>\n<div><\/div>\n<header class=\"article-header\" aria-label=\"Beginning of Article\">\n<div class=\"published-by\">\n<div class=\"visually-hidden\">Auteur de l\u2019article:<\/div>\n<div><\/div>\n<div class=\"visually-hidden\">\n<div class=\"lBv2XN blog-text-color blog-link-hover-color avatar blog-post-text-color\">Christiane Desjardins \u2022\u00a0 La Presse<\/div>\n<\/div>\n<div><\/div>\n<\/div>\n<div class=\"published-date\">\n<div class=\"visually-hidden\">Date de publication:<\/div>\n<p><span class=\"published-date__since\">6 juin 2023\u00a0<\/span><\/p>\n<p><img loading=\"lazy\" decoding=\"async\" class=\" wp-image-2826 aligncenter\" src=\"https:\/\/josephmontanaro.com\/wp-content\/uploads\/2023\/07\/6c239b77e061365a9518d8789e39e4bb-300x200.webp\" alt=\"\" width=\"797\" height=\"531\" srcset=\"https:\/\/josephmontanaro.com\/wp-content\/uploads\/2023\/07\/6c239b77e061365a9518d8789e39e4bb-300x200.webp 300w, https:\/\/josephmontanaro.com\/wp-content\/uploads\/2023\/07\/6c239b77e061365a9518d8789e39e4bb-768x512.webp 768w, https:\/\/josephmontanaro.com\/wp-content\/uploads\/2023\/07\/6c239b77e061365a9518d8789e39e4bb.webp 924w\" sizes=\"auto, (max-width: 797px) 100vw, 797px\" \/><\/p>\n<\/div>\n<\/header>\n<p class=\"paragraph textModule textModule--type-paragraph \">Prendre cette maison du XIX<sup>e<\/sup>\u00a0si\u00e8cle un peu sombre et n\u00e9glig\u00e9e, l\u2019amener au si\u00e8cle pr\u00e9sent, tout en respectant ses origines. Voil\u00e0 le d\u00e9fi que s\u2019\u00e9taient donn\u00e9 Jason et Rachel\u00a0Schwartz apr\u00e8s avoir acquis cette propri\u00e9t\u00e9 de la rue\u00a0Drummond, en\u00a02008. Ajoutez \u00e0 cela leur passion pour l\u2019art, et voil\u00e0, nous sommes dans cette demeure d\u2019exception, situ\u00e9e dans un quartier qui l\u2019est tout autant.<\/p>\n<p class=\"paragraph textModule textModule--type-paragraph \">Ce quartier, c\u2019est le Mille Carr\u00e9\u00a0Dor\u00e9<sup>1<\/sup> qui prend racine au pied du mont\u00a0Royal, dans l\u2019ouest du centre-ville. L\u2019endroit a \u00e9t\u00e9 loti de somptueuses demeures, principalement par la bourgeoisie anglophone qui venait s\u2019y \u00e9tablir entre\u00a01850 et 1930. Depuis, certaines de ces maisons ont connu une nouvelle vocation, mais beaucoup ont disparu pour faire place \u00e0 des tours de bureaux, condos, h\u00f4tels, commerces\u2026 Construite en\u00a01891, la maison de type <em>townhouse<\/em> que nous visitons aujourd\u2019hui a pour sa part vaillamment r\u00e9sist\u00e9.<\/p>\n<p class=\"paragraph textModule textModule--type-paragraph \">Quand M.\u00a0Schwartz s\u2019y est int\u00e9ress\u00e9, elle \u00e9tait occup\u00e9e par une firme d\u2019architectes. Cela \u00e9tant, on pourrait croire que l\u2019affaire \u00e9tait bonbon pour l\u2019acqu\u00e9reur, mais c\u2019est ici que le proverbe du cordonnier mal chauss\u00e9 prend son sens. \u00ab\u2009C\u2019\u00e9tait vraiment un endroit de cr\u00e9ation et de travail pour eux, relate M.\u00a0Schwartz. Il y avait des \u00e9tag\u00e8res et des \u00e9chantillons un peu partout. Il y avait eu des r\u00e9novations qui ressemblaient plus \u00e0 du bricolage, avec une moiti\u00e9 de salle de bains&#8230; On a trouv\u00e9 toutes sortes de choses, m\u00eame dans les murs\u2009\u00bb, dit-il avec amusement.<\/p>\n<p class=\"paragraph textModule textModule--type-paragraph \">\u00c9voluant lui-m\u00eame dans le domaine de l\u2019immobilier, M.\u00a0Schwartz a l\u2019habitude de r\u00e9nover des immeubles et de leur donner une nouvelle vie. Dans le cas pr\u00e9sent, il s\u2019agissait d\u2019un coup de c\u0153ur, admet-il. C\u2019est ici que lui, sa conjointe et leurs trois enfants, qui \u00e9taient encore jeunes, allaient s\u2019\u00e9tablir. Plut\u00f4t que la banlieue, la cour et le voyagement, ils ont choisi d\u2019\u00eatre pr\u00e8s de tout. Pr\u00e8s des universit\u00e9s, de la vie culturelle, des affaires, des commerces et du mont\u00a0Royal. \u00ab\u2009On n\u2019a pas de cour, mais la montagne est l\u00e0\u2009\u00bb, signale Rachel.<\/p>\n<p><img loading=\"lazy\" decoding=\"async\" class=\" wp-image-2832 aligncenter\" src=\"https:\/\/josephmontanaro.com\/wp-content\/uploads\/2023\/07\/76d97be24b94374ab1f43157b11f3808-1-300x200.jpg\" alt=\"\" width=\"815\" height=\"543\" srcset=\"https:\/\/josephmontanaro.com\/wp-content\/uploads\/2023\/07\/76d97be24b94374ab1f43157b11f3808-1-300x200.jpg 300w, https:\/\/josephmontanaro.com\/wp-content\/uploads\/2023\/07\/76d97be24b94374ab1f43157b11f3808-1-768x512.jpg 768w, https:\/\/josephmontanaro.com\/wp-content\/uploads\/2023\/07\/76d97be24b94374ab1f43157b11f3808-1.jpg 924w\" sizes=\"auto, (max-width: 815px) 100vw, 815px\" \/><img loading=\"lazy\" decoding=\"async\" class=\" wp-image-2835 aligncenter\" src=\"https:\/\/josephmontanaro.com\/wp-content\/uploads\/2023\/07\/6fc7cfe2fec43de6975b73d96262108d-300x200.jpg\" alt=\"\" width=\"818\" height=\"545\" srcset=\"https:\/\/josephmontanaro.com\/wp-content\/uploads\/2023\/07\/6fc7cfe2fec43de6975b73d96262108d-300x200.jpg 300w, https:\/\/josephmontanaro.com\/wp-content\/uploads\/2023\/07\/6fc7cfe2fec43de6975b73d96262108d-768x512.jpg 768w, https:\/\/josephmontanaro.com\/wp-content\/uploads\/2023\/07\/6fc7cfe2fec43de6975b73d96262108d.jpg 924w\" sizes=\"auto, (max-width: 818px) 100vw, 818px\" \/><\/p>\n<h3 class=\"textModule textModule--type-subhead \">Rien de trop, ni de pas assez<\/h3>\n<p class=\"paragraph textModule textModule--type-paragraph \">Si les r\u00e9novations pr\u00e9c\u00e9dentes avaient \u00e9t\u00e9 faites au fil des ans et des besoins, celles du couple ont \u00e9t\u00e9 men\u00e9es en 2009 avec grande minutie, une vue d\u2019ensemble puis un amour \u00e9vident pour le beau et le bon.<\/p>\n<p class=\"epigraph textModule textModule--type-epigraph \">Abattage de murs pour laisser passer la lumi\u00e8re naturelle, installation d\u2019un ascenseur, agrandissement, terrasse, rehaussement du plafond dans la salle \u00e0 manger, isolation, b\u00e9tonnage et finition du sous-sol, bref, il n\u2019y a pas un centim\u00e8tre de cette maison qui n\u2019a pas \u00e9t\u00e9 revu, corrig\u00e9 si n\u00e9cessaire, et mis en valeur.<\/p>\n<p class=\"paragraph textModule textModule--type-paragraph \">Outre le plan d\u2019\u00e9tage, qui a \u00e9t\u00e9 travaill\u00e9 avec l\u2019architecte Frederic\u00a0Klein, le couple a planifi\u00e9 et coordonn\u00e9 lui-m\u00eame les travaux, l\u2019am\u00e9nagement int\u00e9rieur, la d\u00e9coration et la restauration. \u00ab\u2009Les boiseries, les arches, les portes, on a essay\u00e9 de restaurer tout ce qu\u2019on a pu\u2009\u00bb, r\u00e9sume Rachel. Les \u00e9l\u00e9ments trop ab\u00eem\u00e9s \u00e9taient copi\u00e9s et refaits. Dans cet heureux mariage d\u2019ancien et de nouveau, il n\u2019y a rien de trop, ni de pas assez. Juste ce qu\u2019il faut pour cr\u00e9er une ambiance, agr\u00e9menter la vie de tous les jours et surprendre l\u2019\u0153il.<\/p>\n<p class=\"paragraph textModule textModule--type-paragraph \">Alors qu\u2019un voyage en ascenseur est g\u00e9n\u00e9ralement ennuyant, ici, dans cette maison de quatre\u00a0niveaux, c\u2019est un p\u00e9riple un peu fantasmagorique. Cela, gr\u00e2ce \u00e0 l\u2019\u0153uvre murale que Tim\u00a0Barnard, artiste cofondateur du collectif montr\u00e9alais En\u00a0Masse, a dessin\u00e9e dans la cage d\u2019ascenseur, tout le long du parcours.<\/p>\n<p class=\"paragraph textModule textModule--type-paragraph \">De fait, l\u2019art contemporain, particuli\u00e8rement l\u2019art\u00a0urbain, tient une place de choix dans cette propri\u00e9t\u00e9. Chaque \u0153uvre a une histoire ch\u00e8re aux ma\u00eetres des lieux. Cette \u0153uvre murale dans la salle d\u2019entra\u00eenement a \u00e9t\u00e9 dessin\u00e9e par deux artistes rencontr\u00e9s lors d\u2019un voyage en Isra\u00ebl. Cette autre, dehors \u00e0 l\u2019arri\u00e8re de la propri\u00e9t\u00e9, est le fruit du travail d\u2019un artiste montr\u00e9alais. Ce tableau, peint sur le mur et qui d\u00e9gouline \u00e9l\u00e9gamment jusque sur le plancher immacul\u00e9, \u00e0 l\u2019\u00e9tage sup\u00e9rieur, est l\u2019\u0153uvre d\u2019un autre. Les assiettes qui ornent les murs de la cuisine, cr\u00e9ations de l\u2019artiste et designer Piero Fornasetti, ont \u00e9t\u00e9 rapport\u00e9es d\u2019Italie, et tutti quanti\u2026<\/p>\n<p><img loading=\"lazy\" decoding=\"async\" class=\" wp-image-2838 aligncenter\" src=\"https:\/\/josephmontanaro.com\/wp-content\/uploads\/2023\/07\/f2a5174043e433a0b7cd889fdf827013-300x200.jpg\" alt=\"\" width=\"855\" height=\"570\" srcset=\"https:\/\/josephmontanaro.com\/wp-content\/uploads\/2023\/07\/f2a5174043e433a0b7cd889fdf827013-300x200.jpg 300w, https:\/\/josephmontanaro.com\/wp-content\/uploads\/2023\/07\/f2a5174043e433a0b7cd889fdf827013-768x512.jpg 768w, https:\/\/josephmontanaro.com\/wp-content\/uploads\/2023\/07\/f2a5174043e433a0b7cd889fdf827013.jpg 924w\" sizes=\"auto, (max-width: 855px) 100vw, 855px\" \/><img loading=\"lazy\" decoding=\"async\" class=\" wp-image-2841 aligncenter\" src=\"https:\/\/josephmontanaro.com\/wp-content\/uploads\/2023\/07\/a8a0fa7b403e355c9c8b900cea537c1e-300x200.jpg\" alt=\"\" width=\"857\" height=\"571\" srcset=\"https:\/\/josephmontanaro.com\/wp-content\/uploads\/2023\/07\/a8a0fa7b403e355c9c8b900cea537c1e-300x200.jpg 300w, https:\/\/josephmontanaro.com\/wp-content\/uploads\/2023\/07\/a8a0fa7b403e355c9c8b900cea537c1e-768x512.jpg 768w, https:\/\/josephmontanaro.com\/wp-content\/uploads\/2023\/07\/a8a0fa7b403e355c9c8b900cea537c1e.jpg 924w\" sizes=\"auto, (max-width: 857px) 100vw, 857px\" \/><\/p>\n<h3 class=\"textModule textModule--type-subhead \">\u00c0 chaque niveau sa fonction<\/h3>\n<p class=\"paragraph textModule textModule--type-paragraph \">Les quatre niveaux de la maison ont chacun leur fonction d\u00e9finie\u00a0: le rez-de-chauss\u00e9e regroupe les pi\u00e8ces \u00e0 vivre\u2009; le deuxi\u00e8me \u00e9tage, avec ses trois chambres, deux salles de bains et une grande salle familiale, \u00e9tait le royaume des enfants\u2009; le troisi\u00e8me est le quartier des ma\u00eetres\u2009; et le sous-sol est utilis\u00e9 comme bureau par les propri\u00e9taires, mais a tout ce qu\u2019il faut pour \u00eatre un logement interg\u00e9n\u00e9rationnel.<\/p>\n<p class=\"paragraph textModule textModule--type-paragraph \">Le couple appr\u00e9cie toujours la vie au centre-ville et compte bien y rester. Mais comme la maison est devenue un peu trop grande depuis que les enfants volent de leurs propres ailes, Jason et Rachel ont d\u00e9cid\u00e9 de la mettre en vente pour aller dans plus petit. Il n\u2019y aura pas loin \u00e0 faire, puisqu\u2019ils projettent d\u2019emm\u00e9nager dans un autre de leurs projets actuellement en chantier, juste en face. Deux maisons de ville et d\u2019\u00e9poque elles aussi, qui conna\u00eetront une nouvelle vie sous la forme de quatre logements.<\/p>\n<p><img loading=\"lazy\" decoding=\"async\" class=\" wp-image-2844 aligncenter\" src=\"https:\/\/josephmontanaro.com\/wp-content\/uploads\/2023\/07\/c12e7d7634853902a9cae36cfead6dee-300x200.jpg\" alt=\"\" width=\"844\" height=\"562\" srcset=\"https:\/\/josephmontanaro.com\/wp-content\/uploads\/2023\/07\/c12e7d7634853902a9cae36cfead6dee-300x200.jpg 300w, https:\/\/josephmontanaro.com\/wp-content\/uploads\/2023\/07\/c12e7d7634853902a9cae36cfead6dee-768x512.jpg 768w, https:\/\/josephmontanaro.com\/wp-content\/uploads\/2023\/07\/c12e7d7634853902a9cae36cfead6dee.jpg 924w\" sizes=\"auto, (max-width: 844px) 100vw, 844px\" \/><img loading=\"lazy\" decoding=\"async\" class=\" wp-image-2847 aligncenter\" src=\"https:\/\/josephmontanaro.com\/wp-content\/uploads\/2023\/07\/023a29f89f0b39e0bc19f47d7d419b7d-300x200.jpg\" alt=\"\" width=\"846\" height=\"563\" srcset=\"https:\/\/josephmontanaro.com\/wp-content\/uploads\/2023\/07\/023a29f89f0b39e0bc19f47d7d419b7d-300x200.jpg 300w, https:\/\/josephmontanaro.com\/wp-content\/uploads\/2023\/07\/023a29f89f0b39e0bc19f47d7d419b7d-768x512.jpg 768w, https:\/\/josephmontanaro.com\/wp-content\/uploads\/2023\/07\/023a29f89f0b39e0bc19f47d7d419b7d.jpg 924w\" sizes=\"auto, (max-width: 846px) 100vw, 846px\" \/><\/p>\n<p class=\"infraNote textModule textModule--type-infraNote \"><sup>1<\/sup> Le Mille Carr\u00e9 Dor\u00e9 est d\u00e9limit\u00e9 \u00e0 l\u2019ouest par la rue Guy (C\u00f4te-des-Neiges), \u00e0 l\u2019est par Robert-Bourassa (University), au nord par le mont Royal puis au sud par le boulevard Ren\u00e9-L\u00e9vesque.<\/p>\n<h3 class=\"textModule textModule--type-chapter \">LA PROPRI\u00c9T\u00c9 EN BREF<\/h3>\n<p class=\"paragraph textModule textModule--type-paragraph \">Prix demand\u00e9\u00a0: 6\u2009500\u2009000\u00a0$<\/p>\n<p class=\"paragraph textModule textModule--type-paragraph \">\u00c9valuation\u00a0: 3\u2009486\u2009900\u00a0$<\/p>\n<p class=\"paragraph textModule textModule--type-paragraph \">Description\u00a0: maison de ville en pierre datant de 1891, compl\u00e8tement r\u00e9nov\u00e9e et modernis\u00e9e, tout en conservant son cachet d\u2019\u00e9poque.<\/p>\n<p class=\"paragraph textModule textModule--type-paragraph \">Superficie du terrain\u00a0: 3169\u00a0pi<sup>\u20602<\/sup><\/p>\n<p class=\"paragraph textModule textModule--type-paragraph \">Imp\u00f4t foncier\u00a0: 29\u2009244\u00a0$<\/p>\n<p class=\"paragraph textModule textModule--type-paragraph \">Taxe scolaire\u00a0: 2975\u00a0$<\/p>\n<p class=\"paragraph textModule textModule--type-paragraph \">Courtier\u00a0: Joseph Montanaro<\/p>\n<div><a class=\"linkModule MAI\" href=\"https:\/\/josephmontanaro.com\/fr\/details-de-la-propriete\/ville-marie-montreal\/990\/\" target=\"_blank\" rel=\"noopener\">Consultez la fiche de la propri\u00e9t\u00e9<\/a><\/div>\n","protected":false},"excerpt":{"rendered":"<p>Article original: https:\/\/www.lapresse.ca\/maison\/immobilier\/2023-06-06\/le-tour-du-proprietaire\/mariage-reussi-pour-cette-montrealaise-d-exception.php Auteur de l\u2019article: Christiane Desjardins \u2022\u00a0 La Presse Date de publication: 6 juin 2023\u00a0 Prendre cette maison du XIXe\u00a0si\u00e8cle un peu sombre et n\u00e9glig\u00e9e, l\u2019amener au si\u00e8cle pr\u00e9sent, tout en respectant ses origines. Voil\u00e0 le d\u00e9fi que s\u2019\u00e9taient donn\u00e9 Jason et Rachel\u00a0Schwartz apr\u00e8s avoir acquis cette propri\u00e9t\u00e9 de la rue\u00a0Drummond, en\u00a02008. Ajoutez [&hellip;]<\/p>\n","protected":false},"author":2,"featured_media":0,"comment_status":"open","ping_status":"closed","sticky":false,"template":"","format":"standard","meta":{"footnotes":""},"categories":[9],"tags":[],"class_list":["post-2825","post","type-post","status-publish","format-standard","hentry","category-non-classifiee"],"acf":[],"yoast_head":"<!-- This site is optimized with the Yoast SEO plugin v27.1.1 - https:\/\/yoast.com\/product\/yoast-seo-wordpress\/ -->\n<title>Mariage r\u00e9ussi pour cette montr\u00e9alaise d\u2019exception - Joseph Montanaro<\/title>\n<meta name=\"robots\" content=\"index, follow, max-snippet:-1, max-image-preview:large, max-video-preview:-1\" \/>\n<link rel=\"canonical\" href=\"https:\/\/josephmontanaro.com\/fr\/mariage-reussi-pour-cette-montrealaise-dexception\/\" \/>\n<meta property=\"og:locale\" content=\"fr_FR\" \/>\n<meta property=\"og:type\" content=\"article\" \/>\n<meta property=\"og:title\" content=\"Mariage r\u00e9ussi pour cette montr\u00e9alaise d\u2019exception - Joseph Montanaro\" \/>\n<meta property=\"og:description\" content=\"Article original: https:\/\/www.lapresse.ca\/maison\/immobilier\/2023-06-06\/le-tour-du-proprietaire\/mariage-reussi-pour-cette-montrealaise-d-exception.php Auteur de l\u2019article: Christiane Desjardins \u2022\u00a0 La Presse Date de publication: 6 juin 2023\u00a0 Prendre cette maison du XIXe\u00a0si\u00e8cle un peu sombre et n\u00e9glig\u00e9e, l\u2019amener au si\u00e8cle pr\u00e9sent, tout en respectant ses origines. Voil\u00e0 le d\u00e9fi que s\u2019\u00e9taient donn\u00e9 Jason et Rachel\u00a0Schwartz apr\u00e8s avoir acquis cette propri\u00e9t\u00e9 de la rue\u00a0Drummond, en\u00a02008. Ajoutez [&hellip;]\" \/>\n<meta property=\"og:url\" content=\"https:\/\/josephmontanaro.com\/fr\/mariage-reussi-pour-cette-montrealaise-dexception\/\" \/>\n<meta property=\"og:site_name\" content=\"Joseph Montanaro\" \/>\n<meta property=\"article:publisher\" content=\"https:\/\/www.facebook.com\/josephmontanarorealestate\/\" \/>\n<meta property=\"article:published_time\" content=\"2023-07-04T22:48:36+00:00\" \/>\n<meta property=\"article:modified_time\" content=\"2023-07-04T22:54:13+00:00\" \/>\n<meta property=\"og:image\" content=\"https:\/\/josephmontanaro.com\/wp-content\/uploads\/2023\/07\/6c239b77e061365a9518d8789e39e4bb-300x200.webp\" \/>\n<meta name=\"author\" content=\"Joseph Montanaro\" \/>\n<meta name=\"twitter:card\" content=\"summary_large_image\" \/>\n<meta name=\"twitter:label1\" content=\"\u00c9crit par\" \/>\n\t<meta name=\"twitter:data1\" content=\"Joseph Montanaro\" \/>\n\t<meta name=\"twitter:label2\" content=\"Dur\u00e9e de lecture estim\u00e9e\" \/>\n\t<meta name=\"twitter:data2\" content=\"6 minutes\" \/>\n<script type=\"application\/ld+json\" class=\"yoast-schema-graph\">{\"@context\":\"https:\/\/schema.org\",\"@graph\":[{\"@type\":\"Article\",\"@id\":\"https:\/\/josephmontanaro.com\/fr\/mariage-reussi-pour-cette-montrealaise-dexception\/#article\",\"isPartOf\":{\"@id\":\"https:\/\/josephmontanaro.com\/fr\/mariage-reussi-pour-cette-montrealaise-dexception\/\"},\"author\":{\"name\":\"Joseph Montanaro\",\"@id\":\"https:\/\/josephmontanaro.com\/#\/schema\/person\/ea722f89d65b5a55e03453efca497a44\"},\"headline\":\"Mariage r\u00e9ussi pour cette montr\u00e9alaise d\u2019exception\",\"datePublished\":\"2023-07-04T22:48:36+00:00\",\"dateModified\":\"2023-07-04T22:54:13+00:00\",\"mainEntityOfPage\":{\"@id\":\"https:\/\/josephmontanaro.com\/fr\/mariage-reussi-pour-cette-montrealaise-dexception\/\"},\"wordCount\":1070,\"commentCount\":0,\"publisher\":{\"@id\":\"https:\/\/josephmontanaro.com\/#organization\"},\"image\":{\"@id\":\"https:\/\/josephmontanaro.com\/fr\/mariage-reussi-pour-cette-montrealaise-dexception\/#primaryimage\"},\"thumbnailUrl\":\"https:\/\/josephmontanaro.com\/wp-content\/uploads\/2023\/07\/6c239b77e061365a9518d8789e39e4bb-300x200.webp\",\"articleSection\":[\"Uncategorized\"],\"inLanguage\":\"fr-FR\",\"potentialAction\":[{\"@type\":\"CommentAction\",\"name\":\"Comment\",\"target\":[\"https:\/\/josephmontanaro.com\/fr\/mariage-reussi-pour-cette-montrealaise-dexception\/#respond\"]}]},{\"@type\":\"WebPage\",\"@id\":\"https:\/\/josephmontanaro.com\/fr\/mariage-reussi-pour-cette-montrealaise-dexception\/\",\"url\":\"https:\/\/josephmontanaro.com\/fr\/mariage-reussi-pour-cette-montrealaise-dexception\/\",\"name\":\"Mariage r\u00e9ussi pour cette montr\u00e9alaise d\u2019exception - Joseph Montanaro\",\"isPartOf\":{\"@id\":\"https:\/\/josephmontanaro.com\/#website\"},\"primaryImageOfPage\":{\"@id\":\"https:\/\/josephmontanaro.com\/fr\/mariage-reussi-pour-cette-montrealaise-dexception\/#primaryimage\"},\"image\":{\"@id\":\"https:\/\/josephmontanaro.com\/fr\/mariage-reussi-pour-cette-montrealaise-dexception\/#primaryimage\"},\"thumbnailUrl\":\"https:\/\/josephmontanaro.com\/wp-content\/uploads\/2023\/07\/6c239b77e061365a9518d8789e39e4bb-300x200.webp\",\"datePublished\":\"2023-07-04T22:48:36+00:00\",\"dateModified\":\"2023-07-04T22:54:13+00:00\",\"breadcrumb\":{\"@id\":\"https:\/\/josephmontanaro.com\/fr\/mariage-reussi-pour-cette-montrealaise-dexception\/#breadcrumb\"},\"inLanguage\":\"fr-FR\",\"potentialAction\":[{\"@type\":\"ReadAction\",\"target\":[\"https:\/\/josephmontanaro.com\/fr\/mariage-reussi-pour-cette-montrealaise-dexception\/\"]}]},{\"@type\":\"ImageObject\",\"inLanguage\":\"fr-FR\",\"@id\":\"https:\/\/josephmontanaro.com\/fr\/mariage-reussi-pour-cette-montrealaise-dexception\/#primaryimage\",\"url\":\"https:\/\/josephmontanaro.com\/wp-content\/uploads\/2023\/07\/6c239b77e061365a9518d8789e39e4bb-300x200.webp\",\"contentUrl\":\"https:\/\/josephmontanaro.com\/wp-content\/uploads\/2023\/07\/6c239b77e061365a9518d8789e39e4bb-300x200.webp\"},{\"@type\":\"BreadcrumbList\",\"@id\":\"https:\/\/josephmontanaro.com\/fr\/mariage-reussi-pour-cette-montrealaise-dexception\/#breadcrumb\",\"itemListElement\":[{\"@type\":\"ListItem\",\"position\":1,\"name\":\"Home\",\"item\":\"https:\/\/josephmontanaro.com\/fr\/\"},{\"@type\":\"ListItem\",\"position\":2,\"name\":\"Mariage r\u00e9ussi pour cette montr\u00e9alaise d\u2019exception\"}]},{\"@type\":\"WebSite\",\"@id\":\"https:\/\/josephmontanaro.com\/#website\",\"url\":\"https:\/\/josephmontanaro.com\/\",\"name\":\"Joseph Montanaro\",\"description\":\"Courtier Immobilier\",\"publisher\":{\"@id\":\"https:\/\/josephmontanaro.com\/#organization\"},\"potentialAction\":[{\"@type\":\"SearchAction\",\"target\":{\"@type\":\"EntryPoint\",\"urlTemplate\":\"https:\/\/josephmontanaro.com\/?s={search_term_string}\"},\"query-input\":{\"@type\":\"PropertyValueSpecification\",\"valueRequired\":true,\"valueName\":\"search_term_string\"}}],\"inLanguage\":\"fr-FR\"},{\"@type\":\"Organization\",\"@id\":\"https:\/\/josephmontanaro.com\/#organization\",\"name\":\"Joseph Montanaro\",\"url\":\"https:\/\/josephmontanaro.com\/\",\"logo\":{\"@type\":\"ImageObject\",\"inLanguage\":\"fr-FR\",\"@id\":\"https:\/\/josephmontanaro.com\/#\/schema\/logo\/image\/\",\"url\":\"https:\/\/josephmontanaro.com\/wp-content\/uploads\/2017\/02\/logo-montanaro.png\",\"contentUrl\":\"https:\/\/josephmontanaro.com\/wp-content\/uploads\/2017\/02\/logo-montanaro.png\",\"width\":389,\"height\":52,\"caption\":\"Joseph Montanaro\"},\"image\":{\"@id\":\"https:\/\/josephmontanaro.com\/#\/schema\/logo\/image\/\"},\"sameAs\":[\"https:\/\/www.facebook.com\/josephmontanarorealestate\/\",\"https:\/\/www.instagram.com\/joseph.montanaro\/?hl=en\",\"https:\/\/www.linkedin.com\/in\/joseph-montanaro\/\",\"https:\/\/www.youtube.com\/channel\/UCJ4djaYJxZE4O0-qZuZHsuA?view_as=subscriber\"]},{\"@type\":\"Person\",\"@id\":\"https:\/\/josephmontanaro.com\/#\/schema\/person\/ea722f89d65b5a55e03453efca497a44\",\"name\":\"Joseph Montanaro\",\"sameAs\":[\"http:\/\/josephmontanaro.com\"]}]}<\/script>\n<!-- \/ Yoast SEO plugin. -->","yoast_head_json":{"title":"Mariage r\u00e9ussi pour cette montr\u00e9alaise d\u2019exception - Joseph Montanaro","robots":{"index":"index","follow":"follow","max-snippet":"max-snippet:-1","max-image-preview":"max-image-preview:large","max-video-preview":"max-video-preview:-1"},"canonical":"https:\/\/josephmontanaro.com\/fr\/mariage-reussi-pour-cette-montrealaise-dexception\/","og_locale":"fr_FR","og_type":"article","og_title":"Mariage r\u00e9ussi pour cette montr\u00e9alaise d\u2019exception - Joseph Montanaro","og_description":"Article original: https:\/\/www.lapresse.ca\/maison\/immobilier\/2023-06-06\/le-tour-du-proprietaire\/mariage-reussi-pour-cette-montrealaise-d-exception.php Auteur de l\u2019article: Christiane Desjardins \u2022\u00a0 La Presse Date de publication: 6 juin 2023\u00a0 Prendre cette maison du XIXe\u00a0si\u00e8cle un peu sombre et n\u00e9glig\u00e9e, l\u2019amener au si\u00e8cle pr\u00e9sent, tout en respectant ses origines. Voil\u00e0 le d\u00e9fi que s\u2019\u00e9taient donn\u00e9 Jason et Rachel\u00a0Schwartz apr\u00e8s avoir acquis cette propri\u00e9t\u00e9 de la rue\u00a0Drummond, en\u00a02008. Ajoutez [&hellip;]","og_url":"https:\/\/josephmontanaro.com\/fr\/mariage-reussi-pour-cette-montrealaise-dexception\/","og_site_name":"Joseph Montanaro","article_publisher":"https:\/\/www.facebook.com\/josephmontanarorealestate\/","article_published_time":"2023-07-04T22:48:36+00:00","article_modified_time":"2023-07-04T22:54:13+00:00","og_image":[{"url":"https:\/\/josephmontanaro.com\/wp-content\/uploads\/2023\/07\/6c239b77e061365a9518d8789e39e4bb-300x200.webp","type":"","width":"","height":""}],"author":"Joseph Montanaro","twitter_card":"summary_large_image","twitter_misc":{"\u00c9crit par":"Joseph Montanaro","Dur\u00e9e de lecture estim\u00e9e":"6 minutes"},"schema":{"@context":"https:\/\/schema.org","@graph":[{"@type":"Article","@id":"https:\/\/josephmontanaro.com\/fr\/mariage-reussi-pour-cette-montrealaise-dexception\/#article","isPartOf":{"@id":"https:\/\/josephmontanaro.com\/fr\/mariage-reussi-pour-cette-montrealaise-dexception\/"},"author":{"name":"Joseph Montanaro","@id":"https:\/\/josephmontanaro.com\/#\/schema\/person\/ea722f89d65b5a55e03453efca497a44"},"headline":"Mariage r\u00e9ussi pour cette montr\u00e9alaise d\u2019exception","datePublished":"2023-07-04T22:48:36+00:00","dateModified":"2023-07-04T22:54:13+00:00","mainEntityOfPage":{"@id":"https:\/\/josephmontanaro.com\/fr\/mariage-reussi-pour-cette-montrealaise-dexception\/"},"wordCount":1070,"commentCount":0,"publisher":{"@id":"https:\/\/josephmontanaro.com\/#organization"},"image":{"@id":"https:\/\/josephmontanaro.com\/fr\/mariage-reussi-pour-cette-montrealaise-dexception\/#primaryimage"},"thumbnailUrl":"https:\/\/josephmontanaro.com\/wp-content\/uploads\/2023\/07\/6c239b77e061365a9518d8789e39e4bb-300x200.webp","articleSection":["Uncategorized"],"inLanguage":"fr-FR","potentialAction":[{"@type":"CommentAction","name":"Comment","target":["https:\/\/josephmontanaro.com\/fr\/mariage-reussi-pour-cette-montrealaise-dexception\/#respond"]}]},{"@type":"WebPage","@id":"https:\/\/josephmontanaro.com\/fr\/mariage-reussi-pour-cette-montrealaise-dexception\/","url":"https:\/\/josephmontanaro.com\/fr\/mariage-reussi-pour-cette-montrealaise-dexception\/","name":"Mariage r\u00e9ussi pour cette montr\u00e9alaise d\u2019exception - Joseph Montanaro","isPartOf":{"@id":"https:\/\/josephmontanaro.com\/#website"},"primaryImageOfPage":{"@id":"https:\/\/josephmontanaro.com\/fr\/mariage-reussi-pour-cette-montrealaise-dexception\/#primaryimage"},"image":{"@id":"https:\/\/josephmontanaro.com\/fr\/mariage-reussi-pour-cette-montrealaise-dexception\/#primaryimage"},"thumbnailUrl":"https:\/\/josephmontanaro.com\/wp-content\/uploads\/2023\/07\/6c239b77e061365a9518d8789e39e4bb-300x200.webp","datePublished":"2023-07-04T22:48:36+00:00","dateModified":"2023-07-04T22:54:13+00:00","breadcrumb":{"@id":"https:\/\/josephmontanaro.com\/fr\/mariage-reussi-pour-cette-montrealaise-dexception\/#breadcrumb"},"inLanguage":"fr-FR","potentialAction":[{"@type":"ReadAction","target":["https:\/\/josephmontanaro.com\/fr\/mariage-reussi-pour-cette-montrealaise-dexception\/"]}]},{"@type":"ImageObject","inLanguage":"fr-FR","@id":"https:\/\/josephmontanaro.com\/fr\/mariage-reussi-pour-cette-montrealaise-dexception\/#primaryimage","url":"https:\/\/josephmontanaro.com\/wp-content\/uploads\/2023\/07\/6c239b77e061365a9518d8789e39e4bb-300x200.webp","contentUrl":"https:\/\/josephmontanaro.com\/wp-content\/uploads\/2023\/07\/6c239b77e061365a9518d8789e39e4bb-300x200.webp"},{"@type":"BreadcrumbList","@id":"https:\/\/josephmontanaro.com\/fr\/mariage-reussi-pour-cette-montrealaise-dexception\/#breadcrumb","itemListElement":[{"@type":"ListItem","position":1,"name":"Home","item":"https:\/\/josephmontanaro.com\/fr\/"},{"@type":"ListItem","position":2,"name":"Mariage r\u00e9ussi pour cette montr\u00e9alaise d\u2019exception"}]},{"@type":"WebSite","@id":"https:\/\/josephmontanaro.com\/#website","url":"https:\/\/josephmontanaro.com\/","name":"Joseph Montanaro","description":"Courtier Immobilier","publisher":{"@id":"https:\/\/josephmontanaro.com\/#organization"},"potentialAction":[{"@type":"SearchAction","target":{"@type":"EntryPoint","urlTemplate":"https:\/\/josephmontanaro.com\/?s={search_term_string}"},"query-input":{"@type":"PropertyValueSpecification","valueRequired":true,"valueName":"search_term_string"}}],"inLanguage":"fr-FR"},{"@type":"Organization","@id":"https:\/\/josephmontanaro.com\/#organization","name":"Joseph Montanaro","url":"https:\/\/josephmontanaro.com\/","logo":{"@type":"ImageObject","inLanguage":"fr-FR","@id":"https:\/\/josephmontanaro.com\/#\/schema\/logo\/image\/","url":"https:\/\/josephmontanaro.com\/wp-content\/uploads\/2017\/02\/logo-montanaro.png","contentUrl":"https:\/\/josephmontanaro.com\/wp-content\/uploads\/2017\/02\/logo-montanaro.png","width":389,"height":52,"caption":"Joseph Montanaro"},"image":{"@id":"https:\/\/josephmontanaro.com\/#\/schema\/logo\/image\/"},"sameAs":["https:\/\/www.facebook.com\/josephmontanarorealestate\/","https:\/\/www.instagram.com\/joseph.montanaro\/?hl=en","https:\/\/www.linkedin.com\/in\/joseph-montanaro\/","https:\/\/www.youtube.com\/channel\/UCJ4djaYJxZE4O0-qZuZHsuA?view_as=subscriber"]},{"@type":"Person","@id":"https:\/\/josephmontanaro.com\/#\/schema\/person\/ea722f89d65b5a55e03453efca497a44","name":"Joseph Montanaro","sameAs":["http:\/\/josephmontanaro.com"]}]}},"_links":{"self":[{"href":"https:\/\/josephmontanaro.com\/fr\/wp-json\/wp\/v2\/posts\/2825","targetHints":{"allow":["GET"]}}],"collection":[{"href":"https:\/\/josephmontanaro.com\/fr\/wp-json\/wp\/v2\/posts"}],"about":[{"href":"https:\/\/josephmontanaro.com\/fr\/wp-json\/wp\/v2\/types\/post"}],"author":[{"embeddable":true,"href":"https:\/\/josephmontanaro.com\/fr\/wp-json\/wp\/v2\/users\/2"}],"replies":[{"embeddable":true,"href":"https:\/\/josephmontanaro.com\/fr\/wp-json\/wp\/v2\/comments?post=2825"}],"version-history":[{"count":11,"href":"https:\/\/josephmontanaro.com\/fr\/wp-json\/wp\/v2\/posts\/2825\/revisions"}],"predecessor-version":[{"id":2863,"href":"https:\/\/josephmontanaro.com\/fr\/wp-json\/wp\/v2\/posts\/2825\/revisions\/2863"}],"wp:attachment":[{"href":"https:\/\/josephmontanaro.com\/fr\/wp-json\/wp\/v2\/media?parent=2825"}],"wp:term":[{"taxonomy":"category","embeddable":true,"href":"https:\/\/josephmontanaro.com\/fr\/wp-json\/wp\/v2\/categories?post=2825"},{"taxonomy":"post_tag","embeddable":true,"href":"https:\/\/josephmontanaro.com\/fr\/wp-json\/wp\/v2\/tags?post=2825"}],"curies":[{"name":"wp","href":"https:\/\/api.w.org\/{rel}","templated":true}]}}